{"id":896,"date":"2025-03-17T08:15:49","date_gmt":"2025-03-17T07:15:49","guid":{"rendered":"https:\/\/mv-steinmauern.de\/?p=896"},"modified":"2025-03-17T08:15:49","modified_gmt":"2025-03-17T07:15:49","slug":"bericht-zur-mitgliederversammlung-2024","status":"publish","type":"post","link":"https:\/\/mv-steinmauern.de\/?p=896","title":{"rendered":"Bericht zur Mitgliederversammlung 2024"},"content":{"rendered":"\n<p>Der Musikverein 1951 Steinmauern e.V. lud am vergangenen Freitag, 14. M\u00e4rz, zu seiner Mitgliederversammlung ein. Nachdem der erste Vorsitzende Daniel Klein die Ehrenmitglieder des Vereins, alle weiteren Vereinsmitglieder, die Musiker begr\u00fc\u00dft und die Beschlussf\u00e4higkeit festgestellt hatte, hie\u00dfen die Musiker die Anwesenden mit dem Musikst\u00fcck \u201eWir gr\u00fc\u00dfen mit Musik\u201c herzlich willkommen. Nach dem Gedenken der im vergangenen Jahr verstorbenen Vereinsmitglieder lie\u00df der erste Vorsitzende die Aktivit\u00e4ten des Musikvereins Steinmauern in 2024 Revue passieren:<\/p>\n\n\n\n<!--more-->\n\n\n\n<p>Von den 13 absolvierten Auftritten hob Klein besonders die gelungene Wiederaufnahme der Winterfeier, die musikalische Umrahmung des Maibaumstellens der Feuerwehr und des H\u00e4hnchenfestes des SKV hervor, aber auch die erstmalige Teilnahme beim Weihnachtsstadel des MV Au am Rhein und die musikalische Gestaltung des Gottesdienstes am 3. Advent in der ev. Petrusgemeinde. Ein Highlight war das Konzert im Mai unter dem Motto \u201eBest of Disney\u201c, was f\u00fcr die erst im M\u00e4rz verpflichtete Dirigentin Eva-Maria Moosmann nach nur acht Wochen gemeinsamer Probenarbeit mit dem Orchester ein ph\u00e4nomenaler Einstand war. Der Erste Vorsitzende verwies zudem auf mehrere Auftritte des Bl\u00e4serensembles und dem rundum gelungenen Open-Air-Jazzfr\u00fchst\u00fcck der Bigband auf der Hopperwiese.<\/p>\n\n\n\n<p>Bedauerlicherweise musste das Heckenfest im Juli kurzfristig abgesagt werden, da wegen des zeitgleich stattfinden EM-Viertelfinales Deutschland-Spanien ein finanzielles Fiasko drohte. Im September g\u00f6nnten sich die Musikerinnen und Musiker nebst Anhang einen Vereinsausflug in die Pfalz zur Sektkellerei Schloss Wachenheim bevor das musikalische Jahresrestprogramm mit Auftritten u.a. bei den Murggeistern und beim Adventsmarkt anstand. Zum Jahresausklang gestaltete das Orchester den Gottesdienst an Heiligabend mit und spielte anschlie\u00dfend auf dem Friedhof traditionelle Weihnachtslieder. Seinen Ausblick auf das Jahr 2025 begann der erste Vorsitzende mit einem R\u00fcckblick auf die vergangenen drei Monate, in denen zu Beginn des Jahres die \u00fcberaus gelungene Winterfeier stattfand und am Rosenmontag wieder eine gro\u00dfe Gruppe Musiker mit mitrei\u00dfender Faschingsmusik begeisterte. Im April und Mai stehen das Maibaumstellen und das Maiwecken an, auf die am 10. Mai mit Konzert des Musikvereins das musikalische Highlight des Jahres folgt.<\/p>\n\n\n\n<p>Seinen Bericht schloss der Erste Vorsitzende mit seinem Dank an die Musikerinnen und Musiker f\u00fcr Probenbesuch und Wahrnehmung zahlreicher Termine und an das Verwaltungsteam f\u00fcr den zus\u00e4tzlichen zeitlichen Aufwand f\u00fcr Sitzungen, Planung und Durchf\u00fchrung aller Aktivit\u00e4ten im Verein.<\/p>\n\n\n\n<p>Klein verlas im Anschluss den Bericht der Jugendleitung, die sich derzeit aus f\u00fcnf Personen zusammensetzt: im vergangenen Jahr veranstaltete das Team, teilweise in Kooperation mit dem MV Elchesheim-Illingen, mehrere Freizeitaktivit\u00e4ten und f\u00fchrte im Februar das j\u00e4hrliche Jungmusikervorspiel durch. Derzeit nehmen 16 Kinder an der Musikalischen Fr\u00fcherziehung teilt, 18 Kinder am Blockfl\u00f6tenunterricht und 22 Kinder sind in der Instrumentalausbildung. F\u00fcr das laufende Jahr sind bereits wieder einige Aktivit\u00e4ten geplant. Erfreulich ist zudem, dass f\u00fcnf Jungmusiker das Leistungsabzeichen in Bronze abgelegt haben und seit Anfang des Jahres im Orchester mitspielen d\u00fcrfen, eine weitere Jungmusikerin absolvierte die Pr\u00fcfungen zum silbernen Abzeichen erfolgreich.<\/p>\n\n\n\n<p>Kassier Patrick Wild legte anschlie\u00dfend den Kassenbericht vor. Das Jahr 2024 war finanziell sehr ausgeglichen und wieder wie gewohnt ohne Defizit. Die Altmetallsammlung ist nach wie vor das gr\u00f6\u00dfte finanzielle Standbein des Vereins, aber auch die Einnahmen beim Konzert waren sehr gut. Zudem gab es einen Zuschuss von der Gemeinde f\u00fcr die im Vorjahr angeschaffte neue Vereinsbekleidung. Dem gegen\u00fcber stehen stetig steigende Kosten f\u00fcr die Ausbildung und den Wareneinkauf f\u00fcr Feste, weshalb der Verein trotz guter Festeinnahmen die Kostensteigerungen deutlich sp\u00fcrt. Trotzdem steht der Verein finanziell gut da. Daniel Klein dankte dem Kassier f\u00fcr seinen kompetenten Vortrag.<\/p>\n\n\n\n<p>Die Kassenpr\u00fcfer Wolfgang Kaupp und Dirk Metze best\u00e4tigten dem Kassier eine gewissenhafte und fehlerfreie Buchf\u00fchrung und empfahlen der Versammlung die uneingeschr\u00e4nkte Entlastung des Kassiers und der Vorstandschaft. Einstimmig wurden die Verantwortlichen f\u00fcr das abgelaufene Gesch\u00e4ftsjahr entlastet. Beim anschlie\u00dfenden Tagesordnungspunkt \u201eSatzungs\u00e4nderung\u201c wurden die geplanten \u00c4nderungen bez\u00fcglich der Zusammensetzung der Vorstandschaft einstimmig angenommen bei einer Enthaltung. Aufgrund der Tatsache, dass seit geraumer Zeit kein zweiter und dritter Vorsitzender gefunden wurde, wird zuk\u00fcnftig auf einen dritten Vorstand verzichtet, hingegen wird es nun m\u00f6glich sein, mehr als bisher sechs Beisitzer in die Vorstandschaft aufzunehmen. Auch in diesem Jahr konnte kein Bewerber f\u00fcr das Amt des zweiten Vorstandes gefunden werden. <\/p>\n\n\n\n<p>Als n\u00e4chster Tagesordnungspunkt standen die Ehrungen langj\u00e4hriger Vereinsmitglieder an:<br>F\u00fcr 10-j\u00e4hrige Mitgliedschaft wurde die aktive Musikerin Luisa Meisch geehrt, f\u00fcr 25-j\u00e4hrige Mitgliedschaft wurden Dominik G\u00f6tz und die aktive Musikerin Sybille Gleiter geehrt. F\u00fcr 40-j\u00e4hrige Mitgliedschaft wurden Herbert Bitterwolf, Gebhard Fettig, Erich Fiedler, Lothar G\u00f6tz, Kai K\u00f6lmel und J\u00fcrgen Lehmann geehrt.<\/p>\n\n\n\n<figure class=\"wp-block-gallery has-nested-images columns-default is-cropped wp-block-gallery-1 is-layout-flex wp-block-gallery-is-layout-flex\">\n<figure class=\"wp-block-image size-large\"><img loading=\"lazy\" decoding=\"async\" width=\"1969\" height=\"758\" data-id=\"897\" src=\"https:\/\/mv-steinmauern.de\/wp-content\/uploads\/2025\/03\/Ehrungen-2025.jpg\" alt=\"\" class=\"wp-image-897\" srcset=\"https:\/\/mv-steinmauern.de\/wp-content\/uploads\/2025\/03\/Ehrungen-2025.jpg 1969w, https:\/\/mv-steinmauern.de\/wp-content\/uploads\/2025\/03\/Ehrungen-2025-300x115.jpg 300w, https:\/\/mv-steinmauern.de\/wp-content\/uploads\/2025\/03\/Ehrungen-2025-768x296.jpg 768w, https:\/\/mv-steinmauern.de\/wp-content\/uploads\/2025\/03\/Ehrungen-2025-1536x591.jpg 1536w\" sizes=\"auto, (max-width: 767px) 89vw, (max-width: 1000px) 54vw, (max-width: 1071px) 543px, 580px\" \/><\/figure>\n<\/figure>\n\n\n\n<p class=\"has-text-align-center\"><em>Der erste Vorsitzende Daniel Klein mit den Geehrten Edmund K\u00f6lmel, Herbert Bitterwolf, Hans Trey, Gebhard Fettig, Sigmund Hatz und Lothar G\u00f6tz<\/em><\/p>\n\n\n\n<p>F\u00fcr 50-j\u00e4hrige Mitgliedschaft wurden Siegmund Hatz. Christian Joram, Reinhard K\u00fchn, Hans Trey, Hans-Peter Volz und die aktiven Musiker Edmund K\u00f6lmel und Dieter Wild geehrt und zu Ehrenmitgliedern ernannt. F\u00fcr stolze 70 Jahre Mitgliedschaft wurden Hubert K\u00f6lmel, Willi K\u00f6lmel geehrt. Der erste Vorsitzende bedauerte es sehr, dass beide Jubilare leider nicht anwesend sein konnten.<\/p>\n\n\n\n<p>Die Kapelle beschloss die Jahreshauptversammlung des Musikvereins Steinmauern mit dem Marsch \u201eHochbadnerland\u201c.<\/p>\n","protected":false},"excerpt":{"rendered":"<p>Der Musikverein 1951 Steinmauern e.V. lud am vergangenen Freitag, 14. M\u00e4rz, zu seiner Mitgliederversammlung ein. Nachdem der erste Vorsitzende Daniel Klein die Ehrenmitglieder des Vereins, alle weiteren Vereinsmitglieder, die Musiker begr\u00fc\u00dft und die Beschlussf\u00e4higkeit festgestellt hatte, hie\u00dfen die Musiker die Anwesenden mit dem Musikst\u00fcck \u201eWir gr\u00fc\u00dfen mit Musik\u201c herzlich willkommen. Nach dem Gedenken der im &hellip; <\/p>\n<p class=\"link-more\"><a href=\"https:\/\/mv-steinmauern.de\/?p=896\" class=\"more-link\"><span class=\"screen-reader-text\">\u201eBericht zur Mitgliederversammlung 2024\u201c <\/span>weiterlesen<\/a><\/p>\n","protected":false},"author":1,"featured_media":0,"comment_status":"closed","ping_status":"closed","sticky":false,"template":"","format":"standard","meta":{"footnotes":""},"categories":[1],"tags":[],"class_list":["post-896","post","type-post","status-publish","format-standard","hentry","category-uncategorized"],"_links":{"self":[{"href":"https:\/\/mv-steinmauern.de\/index.php?rest_route=\/wp\/v2\/posts\/896","targetHints":{"allow":["GET"]}}],"collection":[{"href":"https:\/\/mv-steinmauern.de\/index.php?rest_route=\/wp\/v2\/posts"}],"about":[{"href":"https:\/\/mv-steinmauern.de\/index.php?rest_route=\/wp\/v2\/types\/post"}],"author":[{"embeddable":true,"href":"https:\/\/mv-steinmauern.de\/index.php?rest_route=\/wp\/v2\/users\/1"}],"replies":[{"embeddable":true,"href":"https:\/\/mv-steinmauern.de\/index.php?rest_route=%2Fwp%2Fv2%2Fcomments&post=896"}],"version-history":[{"count":1,"href":"https:\/\/mv-steinmauern.de\/index.php?rest_route=\/wp\/v2\/posts\/896\/revisions"}],"predecessor-version":[{"id":898,"href":"https:\/\/mv-steinmauern.de\/index.php?rest_route=\/wp\/v2\/posts\/896\/revisions\/898"}],"wp:attachment":[{"href":"https:\/\/mv-steinmauern.de\/index.php?rest_route=%2Fwp%2Fv2%2Fmedia&parent=896"}],"wp:term":[{"taxonomy":"category","embeddable":true,"href":"https:\/\/mv-steinmauern.de\/index.php?rest_route=%2Fwp%2Fv2%2Fcategories&post=896"},{"taxonomy":"post_tag","embeddable":true,"href":"https:\/\/mv-steinmauern.de\/index.php?rest_route=%2Fwp%2Fv2%2Ftags&post=896"}],"curies":[{"name":"wp","href":"https:\/\/api.w.org\/{rel}","templated":true}]}}