{"id":1025,"date":"2026-01-05T17:46:48","date_gmt":"2026-01-05T16:46:48","guid":{"rendered":"https:\/\/mv-steinmauern.de\/?p=1025"},"modified":"2026-01-05T17:50:41","modified_gmt":"2026-01-05T16:50:41","slug":"auftakt-ins-jubilaeumsjahr-2026-mit-der-winterfeier-am-10-januar","status":"publish","type":"post","link":"https:\/\/mv-steinmauern.de\/?p=1025","title":{"rendered":"Auftakt ins Jubil\u00e4umsjahr 2026 mit der Winterfeier am 10. Januar"},"content":{"rendered":"\n<p>Alle Fans dieser beliebten Veranstaltung, die\u00a0seit Jahrzehnten im Steinmaurer Veranstaltungskalender fest verankert ist, d\u00fcrfen sich auf den 10. Januar freuen! <br>Mit der Winterfeier 2026 startet der Musikvereins in sein Jubil\u00e4umsjahr:<br>Hierzu m\u00f6chten wir alle Steinmaurer B\u00fcrger und Freunde des Musikvereins am Samstag, 10.01.2026 recht herzlich in die Turn- und Festhalle einladen. Einlass mit Sektempfang und Bewirtung ab 17:00 Uhr, das musikalische Programm beginnt um 18:30 Uhr.<\/p>\n\n\n\n<figure class=\"wp-block-gallery has-nested-images columns-default is-cropped wp-block-gallery-1 is-layout-flex wp-block-gallery-is-layout-flex\">\n<figure class=\"wp-block-image size-large\"><a href=\"https:\/\/mv-steinmauern.de\/wp-content\/uploads\/2026\/01\/MV-Winterfeier-Veranstaltungskalender-2026-scaled.jpg\"><img loading=\"lazy\" decoding=\"async\" width=\"2000\" height=\"2000\" data-id=\"1026\" src=\"https:\/\/mv-steinmauern.de\/wp-content\/uploads\/2026\/01\/MV-Winterfeier-Veranstaltungskalender-2026-2000x2000.jpg\" alt=\"\" class=\"wp-image-1026\" srcset=\"https:\/\/mv-steinmauern.de\/wp-content\/uploads\/2026\/01\/MV-Winterfeier-Veranstaltungskalender-2026-2000x2000.jpg 2000w, https:\/\/mv-steinmauern.de\/wp-content\/uploads\/2026\/01\/MV-Winterfeier-Veranstaltungskalender-2026-300x300.jpg 300w, https:\/\/mv-steinmauern.de\/wp-content\/uploads\/2026\/01\/MV-Winterfeier-Veranstaltungskalender-2026-150x150.jpg 150w, https:\/\/mv-steinmauern.de\/wp-content\/uploads\/2026\/01\/MV-Winterfeier-Veranstaltungskalender-2026-768x768.jpg 768w, https:\/\/mv-steinmauern.de\/wp-content\/uploads\/2026\/01\/MV-Winterfeier-Veranstaltungskalender-2026-1536x1536.jpg 1536w, https:\/\/mv-steinmauern.de\/wp-content\/uploads\/2026\/01\/MV-Winterfeier-Veranstaltungskalender-2026-2048x2048.jpg 2048w, https:\/\/mv-steinmauern.de\/wp-content\/uploads\/2026\/01\/MV-Winterfeier-Veranstaltungskalender-2026-100x100.jpg 100w\" sizes=\"auto, (max-width: 767px) 89vw, (max-width: 1000px) 54vw, (max-width: 1071px) 543px, 580px\" \/><\/a><\/figure>\n<\/figure>\n\n\n\n<!--more-->\n\n\n\n<p>Die Vorbereitungen f\u00fcr diese Feier laufen nat\u00fcrlich schon seit geraumer Zeit auf Hochtouren: Dirigentin Eva-Maria&nbsp;Moosmann&nbsp;hat mit ihrem Orchester wieder ein abwechslungsreiches Programm zusammengestellt. Und wenn es danach hei\u00dft &#8222;Vorhang auf&#8220; f\u00fcr unsere Theatergruppe, werden unsere Laiendarsteller mit dem Schwank &#8222;Der&nbsp;Schweinskopfm\u00f6rder&#8220; unsere Lachmuskeln sicherlich wieder \u00fcber Geb\u00fchr strapazieren.<\/p>\n\n\n\n<figure class=\"wp-block-gallery has-nested-images columns-default is-cropped wp-block-gallery-2 is-layout-flex wp-block-gallery-is-layout-flex\">\n<figure class=\"wp-block-image size-large\"><a href=\"https:\/\/mv-steinmauern.de\/wp-content\/uploads\/2026\/01\/MV-Plakat-Winterfeier-2026.jpg\"><img loading=\"lazy\" decoding=\"async\" width=\"1263\" height=\"1778\" data-id=\"1027\" src=\"https:\/\/mv-steinmauern.de\/wp-content\/uploads\/2026\/01\/MV-Plakat-Winterfeier-2026.jpg\" alt=\"\" class=\"wp-image-1027\" srcset=\"https:\/\/mv-steinmauern.de\/wp-content\/uploads\/2026\/01\/MV-Plakat-Winterfeier-2026.jpg 1263w, https:\/\/mv-steinmauern.de\/wp-content\/uploads\/2026\/01\/MV-Plakat-Winterfeier-2026-213x300.jpg 213w, https:\/\/mv-steinmauern.de\/wp-content\/uploads\/2026\/01\/MV-Plakat-Winterfeier-2026-768x1081.jpg 768w, https:\/\/mv-steinmauern.de\/wp-content\/uploads\/2026\/01\/MV-Plakat-Winterfeier-2026-1091x1536.jpg 1091w\" sizes=\"auto, (max-width: 767px) 89vw, (max-width: 1000px) 54vw, (max-width: 1071px) 543px, 580px\" \/><\/a><\/figure>\n<\/figure>\n\n\n\n<p><br>Um das leibliche Wohl unserer G\u00e4ste k\u00fcmmert sich in gewohnter Manier unser bew\u00e4hrtes K\u00fcchenteam und serviert unter anderem die traditionellen &#8222;Musikerschnitzel&#8220;. In den Pausen zwischen den einzelnen Programmpunkten k\u00f6nnen die G\u00e4ste ihr Losgl\u00fcck bei der reichhaltigen Tombola mit f\u00fcnf Hauptpreisen erproben.<\/p>\n\n\n\n<p><br>Der Eintritt zu dieser Veranstaltung ist frei. Freuen Sie sich jetzt schon auf einen beschwingten Start ins Jahr 2026!<\/p>\n\n\n\n<p>Wir freuen uns auf Sie!<\/p>\n\n\n\n<p><br><strong>Weitere Termine im Jubil\u00e4umsjahr jetzt bereits vormerken<\/strong><\/p>\n\n\n\n<p>Samstag, 09.05.2026: Jubil\u00e4umskonzert &#8222;75 Jahre Musikverein Steinmauern&#8220;<br>Samstag, 12.09. und&nbsp;Sonntag, 13.09.2026: Jubil\u00e4umsfest in der Murghalle<br><\/p>\n\n\n\n<p><\/p>\n","protected":false},"excerpt":{"rendered":"<p>Alle Fans dieser beliebten Veranstaltung, die\u00a0seit Jahrzehnten im Steinmaurer Veranstaltungskalender fest verankert ist, d\u00fcrfen sich auf den 10. Januar freuen! Mit der Winterfeier 2026 startet der Musikvereins in sein Jubil\u00e4umsjahr:Hierzu m\u00f6chten wir alle Steinmaurer B\u00fcrger und Freunde des Musikvereins am Samstag, 10.01.2026 recht herzlich in die Turn- und Festhalle einladen. Einlass mit Sektempfang und Bewirtung &hellip; <\/p>\n<p class=\"link-more\"><a href=\"https:\/\/mv-steinmauern.de\/?p=1025\" class=\"more-link\"><span class=\"screen-reader-text\">\u201eAuftakt ins Jubil\u00e4umsjahr 2026 mit der Winterfeier am 10. Januar\u201c <\/span>weiterlesen<\/a><\/p>\n","protected":false},"author":1,"featured_media":0,"comment_status":"closed","ping_status":"closed","sticky":false,"template":"","format":"standard","meta":{"footnotes":""},"categories":[1],"tags":[],"class_list":["post-1025","post","type-post","status-publish","format-standard","hentry","category-uncategorized"],"_links":{"self":[{"href":"https:\/\/mv-steinmauern.de\/index.php?rest_route=\/wp\/v2\/posts\/1025","targetHints":{"allow":["GET"]}}],"collection":[{"href":"https:\/\/mv-steinmauern.de\/index.php?rest_route=\/wp\/v2\/posts"}],"about":[{"href":"https:\/\/mv-steinmauern.de\/index.php?rest_route=\/wp\/v2\/types\/post"}],"author":[{"embeddable":true,"href":"https:\/\/mv-steinmauern.de\/index.php?rest_route=\/wp\/v2\/users\/1"}],"replies":[{"embeddable":true,"href":"https:\/\/mv-steinmauern.de\/index.php?rest_route=%2Fwp%2Fv2%2Fcomments&post=1025"}],"version-history":[{"count":4,"href":"https:\/\/mv-steinmauern.de\/index.php?rest_route=\/wp\/v2\/posts\/1025\/revisions"}],"predecessor-version":[{"id":1031,"href":"https:\/\/mv-steinmauern.de\/index.php?rest_route=\/wp\/v2\/posts\/1025\/revisions\/1031"}],"wp:attachment":[{"href":"https:\/\/mv-steinmauern.de\/index.php?rest_route=%2Fwp%2Fv2%2Fmedia&parent=1025"}],"wp:term":[{"taxonomy":"category","embeddable":true,"href":"https:\/\/mv-steinmauern.de\/index.php?rest_route=%2Fwp%2Fv2%2Fcategories&post=1025"},{"taxonomy":"post_tag","embeddable":true,"href":"https:\/\/mv-steinmauern.de\/index.php?rest_route=%2Fwp%2Fv2%2Ftags&post=1025"}],"curies":[{"name":"wp","href":"https:\/\/api.w.org\/{rel}","templated":true}]}}